{
    "name": "1\u00ba Festival de Orat\u00f3ria ABRACIN",
    "short_name": "1\u00ba Festival de Orat\u00f3ria ABRACIN",
    "description": "VOC\u00ca TEM ALGO A DIZER. O BRASIL PRECISA TE OUVIR.\r\n1\u00ba Festival de Orat\u00f3ria ABRACIN - Inscri\u00e7\u00f5es at\u00e9 25 de julho de 2025.",
    "start_url": "/",
    "display": "standalone",
    "orientation": "portrait",
    "background_color": "#2a50d9",
    "theme_color": "#2a50d9",
    "icons": [
        {
            "src": "images/logo-icon-mobile.png",
            "sizes": "512x512",
            "type": "image/png",
            "purpose": "any maskable"
        },
        {
            "src": "images/logo-icon-mobile.png",
            "sizes": "192x192",
            "type": "image/png"
        }
    ]
}